{"id":3851,"date":"2025-04-10T13:57:26","date_gmt":"2025-04-10T12:57:26","guid":{"rendered":"https:\/\/pro.uni-presse.fr\/?p=3851"},"modified":"2025-04-10T13:58:09","modified_gmt":"2025-04-10T12:58:09","slug":"momissime-le-magazine-des-enfants-creatifs-et-curieux","status":"publish","type":"post","link":"https:\/\/pro.uni-presse.fr\/fr\/momissime-le-magazine-des-enfants-creatifs-et-curieux\/","title":{"rendered":"M\u00f4missime : le magazine des enfants cr\u00e9atifs et curieux !"},"content":{"rendered":"<p style=\"text-align: center;\"><strong><img loading=\"lazy\" decoding=\"async\" class=\"wp-image-2361 aligncenter\" src=\"https:\/\/www.unipresse.com\/content\/uploads\/2025\/02\/momissime-724x1024.jpg\" alt=\"\" width=\"392\" height=\"557\" \/><\/strong><\/p>\n<p style=\"text-align: center;\">Abonnement 1 an \u2022 12 n\u00b0<\/p>\n<p style=\"text-align: center;\">Chaque mois, le magazine <strong>M\u00f4missime<\/strong> propose aux enfants de 3 \u00e0 6 ans un concentr\u00e9 de d\u00e9couvertes, de jeux et d\u2019activit\u00e9s cr\u00e9atives pour stimuler leur imagination. Entre histoires originales, bandes dessin\u00e9es captivantes, recettes faciles et ateliers de bricolage, vos enfants ne s\u2019ennuieront jamais !<\/p>\n<p style=\"text-align: center;\">Pens\u00e9 pour favoriser l\u2019\u00e9veil, l\u2019autonomie et la curiosit\u00e9, <strong>M\u00f4missime<\/strong> accompagne les petits dans leur d\u00e9veloppement tout en s\u2019amusant. Chaque num\u00e9ro est un v\u00e9ritable moment de complicit\u00e9 \u00e0 partager en famille.<\/p>\n<p style=\"text-align: center;\"><strong>M\u00f4missime<\/strong> \u00e9veille aussi les enfants \u00e0 la culture, au monde qui les entoure et aux \u00e9motions. \u00c0 travers des contenus accessibles et bienveillants, le magazine aborde des th\u00e9matiques vari\u00e9es, nature, saisons, animaux, f\u00eates, vie quotidienne, en les adaptant \u00e0 leur \u00e2ge. Chaque page est con\u00e7ue pour \u00e9veiller leur sens de l\u2019observation, enrichir leur vocabulaire et encourager leur cr\u00e9ativit\u00e9 \u00e0 travers le jeu et l\u2019\u00e9change.<\/p>\n<p style=\"text-align: center;\">Et parce que s\u2019amuser peut aussi rimer avec responsabilit\u00e9, le magazine est 100 % recyclable : un petit geste pour la plan\u00e8te, une grande id\u00e9e pour demain.<\/p>\n<p>&nbsp;<\/p>\n","protected":false},"excerpt":{"rendered":"<p>Abonnement 1 an \u2022 12 n\u00b0 Chaque mois, le magazine M\u00f4missime propose aux enfants de 3 \u00e0 6 ans un concentr\u00e9 de d\u00e9couvertes, de jeux et d\u2019activit\u00e9s cr\u00e9atives pour stimuler leur imagination. Entre histoires originales, bandes dessin\u00e9es captivantes, recettes faciles et ateliers de bricolage, vos enfants ne s\u2019ennuieront jamais ! Pens\u00e9 pour favoriser l\u2019\u00e9veil, l\u2019autonomie [&hellip;]<\/p>\n","protected":false},"author":25,"featured_media":3852,"comment_status":"open","ping_status":"open","sticky":false,"template":"","format":"standard","meta":{"footnotes":""},"categories":[1],"tags":[],"class_list":["post-3851","post","type-post","status-publish","format-standard","has-post-thumbnail","hentry","category-non-classe"],"yoast_head":"<!-- This site is optimized with the Yoast SEO Premium plugin v25.1 (Yoast SEO v25.1) - https:\/\/yoast.com\/wordpress\/plugins\/seo\/ -->\n<title>M\u00f4missime : le magazine des enfants cr\u00e9atifs et curieux ! - UNI-Presse Pro<\/title>\n<meta name=\"description\" content=\"M\u00f4missime, le magazine des 3-6 ans pour apprendre, jouer et cr\u00e9er tout en s\u2019amusant, chaque mois \u00e0 la maison.\" \/>\n<meta name=\"robots\" content=\"index, follow, max-snippet:-1, max-image-preview:large, max-video-preview:-1\" \/>\n<link rel=\"canonical\" href=\"https:\/\/pro.uni-presse.fr\/fr\/momissime-le-magazine-des-enfants-creatifs-et-curieux\/\" \/>\n<meta property=\"og:locale\" content=\"fr_FR\" \/>\n<meta property=\"og:type\" content=\"article\" \/>\n<meta property=\"og:title\" content=\"M\u00f4missime : le magazine des enfants cr\u00e9atifs et curieux !\" \/>\n<meta property=\"og:description\" content=\"M\u00f4missime, le magazine des 3-6 ans pour apprendre, jouer et cr\u00e9er tout en s\u2019amusant, chaque mois \u00e0 la maison.\" \/>\n<meta property=\"og:url\" content=\"https:\/\/pro.uni-presse.fr\/fr\/momissime-le-magazine-des-enfants-creatifs-et-curieux\/\" \/>\n<meta property=\"og:site_name\" content=\"UNI-Presse Pro\" \/>\n<meta property=\"article:published_time\" content=\"2025-04-10T12:57:26+00:00\" \/>\n<meta property=\"article:modified_time\" content=\"2025-04-10T12:58:09+00:00\" \/>\n<meta property=\"og:image\" content=\"https:\/\/pro.uni-presse.fr\/content\/uploads\/2025\/04\/momissime.jpg\" \/>\n\t<meta property=\"og:image:width\" content=\"724\" \/>\n\t<meta property=\"og:image:height\" content=\"1024\" \/>\n\t<meta property=\"og:image:type\" content=\"image\/jpeg\" \/>\n<meta name=\"author\" content=\"sracaud@uni-presse.fr\" \/>\n<meta name=\"twitter:card\" content=\"summary_large_image\" \/>\n<meta name=\"twitter:label1\" content=\"\u00c9crit par\" \/>\n\t<meta name=\"twitter:data1\" content=\"sracaud@uni-presse.fr\" \/>\n\t<meta name=\"twitter:label2\" content=\"Dur\u00e9e de lecture estim\u00e9e\" \/>\n\t<meta name=\"twitter:data2\" content=\"2 minutes\" \/>\n<script type=\"application\/ld+json\" class=\"yoast-schema-graph\">{\"@context\":\"https:\/\/schema.org\",\"@graph\":[{\"@type\":\"WebPage\",\"@id\":\"https:\/\/pro.uni-presse.fr\/fr\/momissime-le-magazine-des-enfants-creatifs-et-curieux\/\",\"url\":\"https:\/\/pro.uni-presse.fr\/fr\/momissime-le-magazine-des-enfants-creatifs-et-curieux\/\",\"name\":\"M\u00f4missime : le magazine des enfants cr\u00e9atifs et curieux ! - UNI-Presse Pro\",\"isPartOf\":{\"@id\":\"https:\/\/pro.uni-presse.fr\/fr\/#website\"},\"primaryImageOfPage\":{\"@id\":\"https:\/\/pro.uni-presse.fr\/fr\/momissime-le-magazine-des-enfants-creatifs-et-curieux\/#primaryimage\"},\"image\":{\"@id\":\"https:\/\/pro.uni-presse.fr\/fr\/momissime-le-magazine-des-enfants-creatifs-et-curieux\/#primaryimage\"},\"thumbnailUrl\":\"https:\/\/pro.uni-presse.fr\/content\/uploads\/2025\/04\/momissime.jpg\",\"datePublished\":\"2025-04-10T12:57:26+00:00\",\"dateModified\":\"2025-04-10T12:58:09+00:00\",\"author\":{\"@id\":\"https:\/\/pro.uni-presse.fr\/fr\/#\/schema\/person\/508ef3333f4913e8c108ca64791bf877\"},\"description\":\"M\u00f4missime, le magazine des 3-6 ans pour apprendre, jouer et cr\u00e9er tout en s\u2019amusant, chaque mois \u00e0 la maison.\",\"breadcrumb\":{\"@id\":\"https:\/\/pro.uni-presse.fr\/fr\/momissime-le-magazine-des-enfants-creatifs-et-curieux\/#breadcrumb\"},\"inLanguage\":\"fr-FR\",\"potentialAction\":[{\"@type\":\"ReadAction\",\"target\":[\"https:\/\/pro.uni-presse.fr\/fr\/momissime-le-magazine-des-enfants-creatifs-et-curieux\/\"]}]},{\"@type\":\"ImageObject\",\"inLanguage\":\"fr-FR\",\"@id\":\"https:\/\/pro.uni-presse.fr\/fr\/momissime-le-magazine-des-enfants-creatifs-et-curieux\/#primaryimage\",\"url\":\"https:\/\/pro.uni-presse.fr\/content\/uploads\/2025\/04\/momissime.jpg\",\"contentUrl\":\"https:\/\/pro.uni-presse.fr\/content\/uploads\/2025\/04\/momissime.jpg\",\"width\":724,\"height\":1024,\"caption\":\"momissime_UNI-Presse\"},{\"@type\":\"BreadcrumbList\",\"@id\":\"https:\/\/pro.uni-presse.fr\/fr\/momissime-le-magazine-des-enfants-creatifs-et-curieux\/#breadcrumb\",\"itemListElement\":[{\"@type\":\"ListItem\",\"position\":1,\"name\":\"Home\",\"item\":\"https:\/\/pro.uni-presse.fr\/fr\/\"},{\"@type\":\"ListItem\",\"position\":2,\"name\":\"M\u00f4missime : le magazine des enfants cr\u00e9atifs et curieux !\"}]},{\"@type\":\"WebSite\",\"@id\":\"https:\/\/pro.uni-presse.fr\/fr\/#website\",\"url\":\"https:\/\/pro.uni-presse.fr\/fr\/\",\"name\":\"UNI-Presse Pro\",\"description\":\"Pr\u00e9sence des presses de France dans le monde\",\"potentialAction\":[{\"@type\":\"SearchAction\",\"target\":{\"@type\":\"EntryPoint\",\"urlTemplate\":\"https:\/\/pro.uni-presse.fr\/fr\/?s={search_term_string}\"},\"query-input\":{\"@type\":\"PropertyValueSpecification\",\"valueRequired\":true,\"valueName\":\"search_term_string\"}}],\"inLanguage\":\"fr-FR\"},{\"@type\":\"Person\",\"@id\":\"https:\/\/pro.uni-presse.fr\/fr\/#\/schema\/person\/508ef3333f4913e8c108ca64791bf877\",\"name\":\"sracaud@uni-presse.fr\",\"image\":{\"@type\":\"ImageObject\",\"inLanguage\":\"fr-FR\",\"@id\":\"https:\/\/pro.uni-presse.fr\/fr\/#\/schema\/person\/image\/\",\"url\":\"https:\/\/secure.gravatar.com\/avatar\/8091419f706797c6c7bb52689cb8da0ee222162365ef797b8c9e71771c9b2d0b?s=96&d=mm&r=g\",\"contentUrl\":\"https:\/\/secure.gravatar.com\/avatar\/8091419f706797c6c7bb52689cb8da0ee222162365ef797b8c9e71771c9b2d0b?s=96&d=mm&r=g\",\"caption\":\"sracaud@uni-presse.fr\"},\"url\":\"https:\/\/pro.uni-presse.fr\/fr\/author\/sracauduni-presse-fr\/\"}]}<\/script>\n<!-- \/ Yoast SEO Premium plugin. -->","yoast_head_json":{"title":"M\u00f4missime : le magazine des enfants cr\u00e9atifs et curieux ! - UNI-Presse Pro","description":"M\u00f4missime, le magazine des 3-6 ans pour apprendre, jouer et cr\u00e9er tout en s\u2019amusant, chaque mois \u00e0 la maison.","robots":{"index":"index","follow":"follow","max-snippet":"max-snippet:-1","max-image-preview":"max-image-preview:large","max-video-preview":"max-video-preview:-1"},"canonical":"https:\/\/pro.uni-presse.fr\/fr\/momissime-le-magazine-des-enfants-creatifs-et-curieux\/","og_locale":"fr_FR","og_type":"article","og_title":"M\u00f4missime : le magazine des enfants cr\u00e9atifs et curieux !","og_description":"M\u00f4missime, le magazine des 3-6 ans pour apprendre, jouer et cr\u00e9er tout en s\u2019amusant, chaque mois \u00e0 la maison.","og_url":"https:\/\/pro.uni-presse.fr\/fr\/momissime-le-magazine-des-enfants-creatifs-et-curieux\/","og_site_name":"UNI-Presse Pro","article_published_time":"2025-04-10T12:57:26+00:00","article_modified_time":"2025-04-10T12:58:09+00:00","og_image":[{"width":724,"height":1024,"url":"https:\/\/pro.uni-presse.fr\/content\/uploads\/2025\/04\/momissime.jpg","type":"image\/jpeg"}],"author":"sracaud@uni-presse.fr","twitter_card":"summary_large_image","twitter_misc":{"\u00c9crit par":"sracaud@uni-presse.fr","Dur\u00e9e de lecture estim\u00e9e":"2 minutes"},"schema":{"@context":"https:\/\/schema.org","@graph":[{"@type":"WebPage","@id":"https:\/\/pro.uni-presse.fr\/fr\/momissime-le-magazine-des-enfants-creatifs-et-curieux\/","url":"https:\/\/pro.uni-presse.fr\/fr\/momissime-le-magazine-des-enfants-creatifs-et-curieux\/","name":"M\u00f4missime : le magazine des enfants cr\u00e9atifs et curieux ! - UNI-Presse Pro","isPartOf":{"@id":"https:\/\/pro.uni-presse.fr\/fr\/#website"},"primaryImageOfPage":{"@id":"https:\/\/pro.uni-presse.fr\/fr\/momissime-le-magazine-des-enfants-creatifs-et-curieux\/#primaryimage"},"image":{"@id":"https:\/\/pro.uni-presse.fr\/fr\/momissime-le-magazine-des-enfants-creatifs-et-curieux\/#primaryimage"},"thumbnailUrl":"https:\/\/pro.uni-presse.fr\/content\/uploads\/2025\/04\/momissime.jpg","datePublished":"2025-04-10T12:57:26+00:00","dateModified":"2025-04-10T12:58:09+00:00","author":{"@id":"https:\/\/pro.uni-presse.fr\/fr\/#\/schema\/person\/508ef3333f4913e8c108ca64791bf877"},"description":"M\u00f4missime, le magazine des 3-6 ans pour apprendre, jouer et cr\u00e9er tout en s\u2019amusant, chaque mois \u00e0 la maison.","breadcrumb":{"@id":"https:\/\/pro.uni-presse.fr\/fr\/momissime-le-magazine-des-enfants-creatifs-et-curieux\/#breadcrumb"},"inLanguage":"fr-FR","potentialAction":[{"@type":"ReadAction","target":["https:\/\/pro.uni-presse.fr\/fr\/momissime-le-magazine-des-enfants-creatifs-et-curieux\/"]}]},{"@type":"ImageObject","inLanguage":"fr-FR","@id":"https:\/\/pro.uni-presse.fr\/fr\/momissime-le-magazine-des-enfants-creatifs-et-curieux\/#primaryimage","url":"https:\/\/pro.uni-presse.fr\/content\/uploads\/2025\/04\/momissime.jpg","contentUrl":"https:\/\/pro.uni-presse.fr\/content\/uploads\/2025\/04\/momissime.jpg","width":724,"height":1024,"caption":"momissime_UNI-Presse"},{"@type":"BreadcrumbList","@id":"https:\/\/pro.uni-presse.fr\/fr\/momissime-le-magazine-des-enfants-creatifs-et-curieux\/#breadcrumb","itemListElement":[{"@type":"ListItem","position":1,"name":"Home","item":"https:\/\/pro.uni-presse.fr\/fr\/"},{"@type":"ListItem","position":2,"name":"M\u00f4missime : le magazine des enfants cr\u00e9atifs et curieux !"}]},{"@type":"WebSite","@id":"https:\/\/pro.uni-presse.fr\/fr\/#website","url":"https:\/\/pro.uni-presse.fr\/fr\/","name":"UNI-Presse Pro","description":"Pr\u00e9sence des presses de France dans le monde","potentialAction":[{"@type":"SearchAction","target":{"@type":"EntryPoint","urlTemplate":"https:\/\/pro.uni-presse.fr\/fr\/?s={search_term_string}"},"query-input":{"@type":"PropertyValueSpecification","valueRequired":true,"valueName":"search_term_string"}}],"inLanguage":"fr-FR"},{"@type":"Person","@id":"https:\/\/pro.uni-presse.fr\/fr\/#\/schema\/person\/508ef3333f4913e8c108ca64791bf877","name":"sracaud@uni-presse.fr","image":{"@type":"ImageObject","inLanguage":"fr-FR","@id":"https:\/\/pro.uni-presse.fr\/fr\/#\/schema\/person\/image\/","url":"https:\/\/secure.gravatar.com\/avatar\/8091419f706797c6c7bb52689cb8da0ee222162365ef797b8c9e71771c9b2d0b?s=96&d=mm&r=g","contentUrl":"https:\/\/secure.gravatar.com\/avatar\/8091419f706797c6c7bb52689cb8da0ee222162365ef797b8c9e71771c9b2d0b?s=96&d=mm&r=g","caption":"sracaud@uni-presse.fr"},"url":"https:\/\/pro.uni-presse.fr\/fr\/author\/sracauduni-presse-fr\/"}]}},"_links":{"self":[{"href":"https:\/\/pro.uni-presse.fr\/fr\/wp-json\/wp\/v2\/posts\/3851","targetHints":{"allow":["GET"]}}],"collection":[{"href":"https:\/\/pro.uni-presse.fr\/fr\/wp-json\/wp\/v2\/posts"}],"about":[{"href":"https:\/\/pro.uni-presse.fr\/fr\/wp-json\/wp\/v2\/types\/post"}],"author":[{"embeddable":true,"href":"https:\/\/pro.uni-presse.fr\/fr\/wp-json\/wp\/v2\/users\/25"}],"replies":[{"embeddable":true,"href":"https:\/\/pro.uni-presse.fr\/fr\/wp-json\/wp\/v2\/comments?post=3851"}],"version-history":[{"count":2,"href":"https:\/\/pro.uni-presse.fr\/fr\/wp-json\/wp\/v2\/posts\/3851\/revisions"}],"predecessor-version":[{"id":3855,"href":"https:\/\/pro.uni-presse.fr\/fr\/wp-json\/wp\/v2\/posts\/3851\/revisions\/3855"}],"wp:featuredmedia":[{"embeddable":true,"href":"https:\/\/pro.uni-presse.fr\/fr\/wp-json\/wp\/v2\/media\/3852"}],"wp:attachment":[{"href":"https:\/\/pro.uni-presse.fr\/fr\/wp-json\/wp\/v2\/media?parent=3851"}],"wp:term":[{"taxonomy":"category","embeddable":true,"href":"https:\/\/pro.uni-presse.fr\/fr\/wp-json\/wp\/v2\/categories?post=3851"},{"taxonomy":"post_tag","embeddable":true,"href":"https:\/\/pro.uni-presse.fr\/fr\/wp-json\/wp\/v2\/tags?post=3851"}],"curies":[{"name":"wp","href":"https:\/\/api.w.org\/{rel}","templated":true}]}}