{"id":3984,"date":"2025-05-07T14:06:13","date_gmt":"2025-05-07T13:06:13","guid":{"rendered":"https:\/\/pro.uni-presse.fr\/?p=3984"},"modified":"2025-05-07T14:06:13","modified_gmt":"2025-05-07T13:06:13","slug":"plongez-au-coeur-de-lastronomie-avec-ciel-espace","status":"publish","type":"post","link":"https:\/\/pro.uni-presse.fr\/fr\/plongez-au-coeur-de-lastronomie-avec-ciel-espace\/","title":{"rendered":"Plongez au c\u0153ur de l\u2019astronomie avec Ciel &#038; Espace"},"content":{"rendered":"<p style=\"text-align: center;\"><img decoding=\"async\" class=\"aligncenter\" src=\"https:\/\/www.uni-presse.fr\/content\/uploads\/2025\/03\/Ciel-Espace-min.webp\" \/><\/p>\n<p>&nbsp;<\/p>\n<p style=\"text-align: center;\">Abonnement 1 an \u2022 6 n\u00b0<\/p>\n<p style=\"text-align: center;\">Depuis plus de 75 ans, <strong>Ciel &amp; Espace<\/strong> est la revue de r\u00e9f\u00e9rence pour tous les passionn\u00e9s du cosmos, des curieux du ciel \u00e9toil\u00e9 aux amateurs les plus avertis. Gr\u00e2ce \u00e0 une r\u00e9daction en lien direct avec les plus grands chercheurs et observatoires, chaque num\u00e9ro vous propose :<\/p>\n<p style=\"text-align: center;\"><strong>Des dossiers de fond<\/strong> sur les grandes d\u00e9couvertes scientifiques, les missions spatiales, les myst\u00e8res de l\u2019univers et les r\u00e9volutions technologiques de l\u2019astronomie.<\/p>\n<p style=\"text-align: center;\"><strong>Des interviews exclusives<\/strong> d\u2019astrophysiciens, cosmologistes ou astronautes qui partagent leur expertise et leur passion.<\/p>\n<p style=\"text-align: center;\"><strong>Des conseils d\u2019observation<\/strong> pour ne rien manquer des ph\u00e9nom\u00e8nes c\u00e9lestes visibles chaque mois, accompagn\u00e9s de cartes du ciel et de guides pratiques.<\/p>\n<p style=\"text-align: center;\"><strong>Des images spectaculaires<\/strong> prises par les meilleurs photographes ou les t\u00e9lescopes les plus puissants du monde.<\/p>\n<p style=\"text-align: center;\">Tous les deux mois, partez pour un voyage hors du commun, la t\u00eate dans les \u00e9toiles et les pieds sur Terre, gr\u00e2ce \u00e0 une information rigoureuse, claire et accessible.<\/p>\n","protected":false},"excerpt":{"rendered":"<p>&nbsp; Abonnement 1 an \u2022 6 n\u00b0 Depuis plus de 75 ans, Ciel &amp; Espace est la revue de r\u00e9f\u00e9rence pour tous les passionn\u00e9s du cosmos, des curieux du ciel \u00e9toil\u00e9 aux amateurs les plus avertis. Gr\u00e2ce \u00e0 une r\u00e9daction en lien direct avec les plus grands chercheurs et observatoires, chaque num\u00e9ro vous propose : [&hellip;]<\/p>\n","protected":false},"author":25,"featured_media":3985,"comment_status":"open","ping_status":"open","sticky":false,"template":"","format":"standard","meta":{"footnotes":""},"categories":[1],"tags":[],"class_list":["post-3984","post","type-post","status-publish","format-standard","has-post-thumbnail","hentry","category-non-classe"],"yoast_head":"<!-- This site is optimized with the Yoast SEO Premium plugin v25.1 (Yoast SEO v25.1) - https:\/\/yoast.com\/wordpress\/plugins\/seo\/ -->\n<title>Plongez au c\u0153ur de l\u2019astronomie avec Ciel &amp; Espace - UNI-Presse Pro<\/title>\n<meta name=\"description\" content=\"Ciel &amp; Espace : la revue de r\u00e9f\u00e9rence en astronomie. Suivez l\u2019actualit\u00e9 scientifique, des interviews d\u2019experts et des images du cosmos\" \/>\n<meta name=\"robots\" content=\"index, follow, max-snippet:-1, max-image-preview:large, max-video-preview:-1\" \/>\n<link rel=\"canonical\" href=\"https:\/\/pro.uni-presse.fr\/fr\/plongez-au-coeur-de-lastronomie-avec-ciel-espace\/\" \/>\n<meta property=\"og:locale\" content=\"fr_FR\" \/>\n<meta property=\"og:type\" content=\"article\" \/>\n<meta property=\"og:title\" content=\"Plongez au c\u0153ur de l\u2019astronomie avec Ciel &amp; Espace\" \/>\n<meta property=\"og:description\" content=\"Ciel &amp; Espace : la revue de r\u00e9f\u00e9rence en astronomie. Suivez l\u2019actualit\u00e9 scientifique, des interviews d\u2019experts et des images du cosmos\" \/>\n<meta property=\"og:url\" content=\"https:\/\/pro.uni-presse.fr\/fr\/plongez-au-coeur-de-lastronomie-avec-ciel-espace\/\" \/>\n<meta property=\"og:site_name\" content=\"UNI-Presse Pro\" \/>\n<meta property=\"article:published_time\" content=\"2025-05-07T13:06:13+00:00\" \/>\n<meta property=\"og:image\" content=\"https:\/\/pro.uni-presse.fr\/content\/uploads\/2025\/05\/Ciel-Espace.webp\" \/>\n\t<meta property=\"og:image:width\" content=\"500\" \/>\n\t<meta property=\"og:image:height\" content=\"627\" \/>\n\t<meta property=\"og:image:type\" content=\"image\/webp\" \/>\n<meta name=\"author\" content=\"sracaud@uni-presse.fr\" \/>\n<meta name=\"twitter:card\" content=\"summary_large_image\" \/>\n<meta name=\"twitter:label1\" content=\"\u00c9crit par\" \/>\n\t<meta name=\"twitter:data1\" content=\"sracaud@uni-presse.fr\" \/>\n\t<meta name=\"twitter:label2\" content=\"Dur\u00e9e de lecture estim\u00e9e\" \/>\n\t<meta name=\"twitter:data2\" content=\"2 minutes\" \/>\n<script type=\"application\/ld+json\" class=\"yoast-schema-graph\">{\"@context\":\"https:\/\/schema.org\",\"@graph\":[{\"@type\":\"WebPage\",\"@id\":\"https:\/\/pro.uni-presse.fr\/fr\/plongez-au-coeur-de-lastronomie-avec-ciel-espace\/\",\"url\":\"https:\/\/pro.uni-presse.fr\/fr\/plongez-au-coeur-de-lastronomie-avec-ciel-espace\/\",\"name\":\"Plongez au c\u0153ur de l\u2019astronomie avec Ciel & Espace - UNI-Presse Pro\",\"isPartOf\":{\"@id\":\"https:\/\/pro.uni-presse.fr\/fr\/#website\"},\"primaryImageOfPage\":{\"@id\":\"https:\/\/pro.uni-presse.fr\/fr\/plongez-au-coeur-de-lastronomie-avec-ciel-espace\/#primaryimage\"},\"image\":{\"@id\":\"https:\/\/pro.uni-presse.fr\/fr\/plongez-au-coeur-de-lastronomie-avec-ciel-espace\/#primaryimage\"},\"thumbnailUrl\":\"https:\/\/pro.uni-presse.fr\/content\/uploads\/2025\/05\/Ciel-Espace.webp\",\"datePublished\":\"2025-05-07T13:06:13+00:00\",\"author\":{\"@id\":\"https:\/\/pro.uni-presse.fr\/fr\/#\/schema\/person\/508ef3333f4913e8c108ca64791bf877\"},\"description\":\"Ciel & Espace : la revue de r\u00e9f\u00e9rence en astronomie. Suivez l\u2019actualit\u00e9 scientifique, des interviews d\u2019experts et des images du cosmos\",\"breadcrumb\":{\"@id\":\"https:\/\/pro.uni-presse.fr\/fr\/plongez-au-coeur-de-lastronomie-avec-ciel-espace\/#breadcrumb\"},\"inLanguage\":\"fr-FR\",\"potentialAction\":[{\"@type\":\"ReadAction\",\"target\":[\"https:\/\/pro.uni-presse.fr\/fr\/plongez-au-coeur-de-lastronomie-avec-ciel-espace\/\"]}]},{\"@type\":\"ImageObject\",\"inLanguage\":\"fr-FR\",\"@id\":\"https:\/\/pro.uni-presse.fr\/fr\/plongez-au-coeur-de-lastronomie-avec-ciel-espace\/#primaryimage\",\"url\":\"https:\/\/pro.uni-presse.fr\/content\/uploads\/2025\/05\/Ciel-Espace.webp\",\"contentUrl\":\"https:\/\/pro.uni-presse.fr\/content\/uploads\/2025\/05\/Ciel-Espace.webp\",\"width\":500,\"height\":627,\"caption\":\"Ciel-Espace_UNI-Presse\"},{\"@type\":\"BreadcrumbList\",\"@id\":\"https:\/\/pro.uni-presse.fr\/fr\/plongez-au-coeur-de-lastronomie-avec-ciel-espace\/#breadcrumb\",\"itemListElement\":[{\"@type\":\"ListItem\",\"position\":1,\"name\":\"Home\",\"item\":\"https:\/\/pro.uni-presse.fr\/fr\/\"},{\"@type\":\"ListItem\",\"position\":2,\"name\":\"Plongez au c\u0153ur de l\u2019astronomie avec Ciel &#038; Espace\"}]},{\"@type\":\"WebSite\",\"@id\":\"https:\/\/pro.uni-presse.fr\/fr\/#website\",\"url\":\"https:\/\/pro.uni-presse.fr\/fr\/\",\"name\":\"UNI-Presse Pro\",\"description\":\"Pr\u00e9sence des presses de France dans le monde\",\"potentialAction\":[{\"@type\":\"SearchAction\",\"target\":{\"@type\":\"EntryPoint\",\"urlTemplate\":\"https:\/\/pro.uni-presse.fr\/fr\/?s={search_term_string}\"},\"query-input\":{\"@type\":\"PropertyValueSpecification\",\"valueRequired\":true,\"valueName\":\"search_term_string\"}}],\"inLanguage\":\"fr-FR\"},{\"@type\":\"Person\",\"@id\":\"https:\/\/pro.uni-presse.fr\/fr\/#\/schema\/person\/508ef3333f4913e8c108ca64791bf877\",\"name\":\"sracaud@uni-presse.fr\",\"image\":{\"@type\":\"ImageObject\",\"inLanguage\":\"fr-FR\",\"@id\":\"https:\/\/pro.uni-presse.fr\/fr\/#\/schema\/person\/image\/\",\"url\":\"https:\/\/secure.gravatar.com\/avatar\/8091419f706797c6c7bb52689cb8da0ee222162365ef797b8c9e71771c9b2d0b?s=96&d=mm&r=g\",\"contentUrl\":\"https:\/\/secure.gravatar.com\/avatar\/8091419f706797c6c7bb52689cb8da0ee222162365ef797b8c9e71771c9b2d0b?s=96&d=mm&r=g\",\"caption\":\"sracaud@uni-presse.fr\"},\"url\":\"https:\/\/pro.uni-presse.fr\/fr\/author\/sracauduni-presse-fr\/\"}]}<\/script>\n<!-- \/ Yoast SEO Premium plugin. -->","yoast_head_json":{"title":"Plongez au c\u0153ur de l\u2019astronomie avec Ciel & Espace - UNI-Presse Pro","description":"Ciel & Espace : la revue de r\u00e9f\u00e9rence en astronomie. Suivez l\u2019actualit\u00e9 scientifique, des interviews d\u2019experts et des images du cosmos","robots":{"index":"index","follow":"follow","max-snippet":"max-snippet:-1","max-image-preview":"max-image-preview:large","max-video-preview":"max-video-preview:-1"},"canonical":"https:\/\/pro.uni-presse.fr\/fr\/plongez-au-coeur-de-lastronomie-avec-ciel-espace\/","og_locale":"fr_FR","og_type":"article","og_title":"Plongez au c\u0153ur de l\u2019astronomie avec Ciel & Espace","og_description":"Ciel & Espace : la revue de r\u00e9f\u00e9rence en astronomie. Suivez l\u2019actualit\u00e9 scientifique, des interviews d\u2019experts et des images du cosmos","og_url":"https:\/\/pro.uni-presse.fr\/fr\/plongez-au-coeur-de-lastronomie-avec-ciel-espace\/","og_site_name":"UNI-Presse Pro","article_published_time":"2025-05-07T13:06:13+00:00","og_image":[{"width":500,"height":627,"url":"https:\/\/pro.uni-presse.fr\/content\/uploads\/2025\/05\/Ciel-Espace.webp","type":"image\/webp"}],"author":"sracaud@uni-presse.fr","twitter_card":"summary_large_image","twitter_misc":{"\u00c9crit par":"sracaud@uni-presse.fr","Dur\u00e9e de lecture estim\u00e9e":"2 minutes"},"schema":{"@context":"https:\/\/schema.org","@graph":[{"@type":"WebPage","@id":"https:\/\/pro.uni-presse.fr\/fr\/plongez-au-coeur-de-lastronomie-avec-ciel-espace\/","url":"https:\/\/pro.uni-presse.fr\/fr\/plongez-au-coeur-de-lastronomie-avec-ciel-espace\/","name":"Plongez au c\u0153ur de l\u2019astronomie avec Ciel & Espace - UNI-Presse Pro","isPartOf":{"@id":"https:\/\/pro.uni-presse.fr\/fr\/#website"},"primaryImageOfPage":{"@id":"https:\/\/pro.uni-presse.fr\/fr\/plongez-au-coeur-de-lastronomie-avec-ciel-espace\/#primaryimage"},"image":{"@id":"https:\/\/pro.uni-presse.fr\/fr\/plongez-au-coeur-de-lastronomie-avec-ciel-espace\/#primaryimage"},"thumbnailUrl":"https:\/\/pro.uni-presse.fr\/content\/uploads\/2025\/05\/Ciel-Espace.webp","datePublished":"2025-05-07T13:06:13+00:00","author":{"@id":"https:\/\/pro.uni-presse.fr\/fr\/#\/schema\/person\/508ef3333f4913e8c108ca64791bf877"},"description":"Ciel & Espace : la revue de r\u00e9f\u00e9rence en astronomie. Suivez l\u2019actualit\u00e9 scientifique, des interviews d\u2019experts et des images du cosmos","breadcrumb":{"@id":"https:\/\/pro.uni-presse.fr\/fr\/plongez-au-coeur-de-lastronomie-avec-ciel-espace\/#breadcrumb"},"inLanguage":"fr-FR","potentialAction":[{"@type":"ReadAction","target":["https:\/\/pro.uni-presse.fr\/fr\/plongez-au-coeur-de-lastronomie-avec-ciel-espace\/"]}]},{"@type":"ImageObject","inLanguage":"fr-FR","@id":"https:\/\/pro.uni-presse.fr\/fr\/plongez-au-coeur-de-lastronomie-avec-ciel-espace\/#primaryimage","url":"https:\/\/pro.uni-presse.fr\/content\/uploads\/2025\/05\/Ciel-Espace.webp","contentUrl":"https:\/\/pro.uni-presse.fr\/content\/uploads\/2025\/05\/Ciel-Espace.webp","width":500,"height":627,"caption":"Ciel-Espace_UNI-Presse"},{"@type":"BreadcrumbList","@id":"https:\/\/pro.uni-presse.fr\/fr\/plongez-au-coeur-de-lastronomie-avec-ciel-espace\/#breadcrumb","itemListElement":[{"@type":"ListItem","position":1,"name":"Home","item":"https:\/\/pro.uni-presse.fr\/fr\/"},{"@type":"ListItem","position":2,"name":"Plongez au c\u0153ur de l\u2019astronomie avec Ciel &#038; Espace"}]},{"@type":"WebSite","@id":"https:\/\/pro.uni-presse.fr\/fr\/#website","url":"https:\/\/pro.uni-presse.fr\/fr\/","name":"UNI-Presse Pro","description":"Pr\u00e9sence des presses de France dans le monde","potentialAction":[{"@type":"SearchAction","target":{"@type":"EntryPoint","urlTemplate":"https:\/\/pro.uni-presse.fr\/fr\/?s={search_term_string}"},"query-input":{"@type":"PropertyValueSpecification","valueRequired":true,"valueName":"search_term_string"}}],"inLanguage":"fr-FR"},{"@type":"Person","@id":"https:\/\/pro.uni-presse.fr\/fr\/#\/schema\/person\/508ef3333f4913e8c108ca64791bf877","name":"sracaud@uni-presse.fr","image":{"@type":"ImageObject","inLanguage":"fr-FR","@id":"https:\/\/pro.uni-presse.fr\/fr\/#\/schema\/person\/image\/","url":"https:\/\/secure.gravatar.com\/avatar\/8091419f706797c6c7bb52689cb8da0ee222162365ef797b8c9e71771c9b2d0b?s=96&d=mm&r=g","contentUrl":"https:\/\/secure.gravatar.com\/avatar\/8091419f706797c6c7bb52689cb8da0ee222162365ef797b8c9e71771c9b2d0b?s=96&d=mm&r=g","caption":"sracaud@uni-presse.fr"},"url":"https:\/\/pro.uni-presse.fr\/fr\/author\/sracauduni-presse-fr\/"}]}},"_links":{"self":[{"href":"https:\/\/pro.uni-presse.fr\/fr\/wp-json\/wp\/v2\/posts\/3984","targetHints":{"allow":["GET"]}}],"collection":[{"href":"https:\/\/pro.uni-presse.fr\/fr\/wp-json\/wp\/v2\/posts"}],"about":[{"href":"https:\/\/pro.uni-presse.fr\/fr\/wp-json\/wp\/v2\/types\/post"}],"author":[{"embeddable":true,"href":"https:\/\/pro.uni-presse.fr\/fr\/wp-json\/wp\/v2\/users\/25"}],"replies":[{"embeddable":true,"href":"https:\/\/pro.uni-presse.fr\/fr\/wp-json\/wp\/v2\/comments?post=3984"}],"version-history":[{"count":1,"href":"https:\/\/pro.uni-presse.fr\/fr\/wp-json\/wp\/v2\/posts\/3984\/revisions"}],"predecessor-version":[{"id":3987,"href":"https:\/\/pro.uni-presse.fr\/fr\/wp-json\/wp\/v2\/posts\/3984\/revisions\/3987"}],"wp:featuredmedia":[{"embeddable":true,"href":"https:\/\/pro.uni-presse.fr\/fr\/wp-json\/wp\/v2\/media\/3985"}],"wp:attachment":[{"href":"https:\/\/pro.uni-presse.fr\/fr\/wp-json\/wp\/v2\/media?parent=3984"}],"wp:term":[{"taxonomy":"category","embeddable":true,"href":"https:\/\/pro.uni-presse.fr\/fr\/wp-json\/wp\/v2\/categories?post=3984"},{"taxonomy":"post_tag","embeddable":true,"href":"https:\/\/pro.uni-presse.fr\/fr\/wp-json\/wp\/v2\/tags?post=3984"}],"curies":[{"name":"wp","href":"https:\/\/api.w.org\/{rel}","templated":true}]}}